

    {"id":162378,"date":"2026-08-25T18:30:11","date_gmt":"2026-08-25T16:30:11","guid":{"rendered":"https:\/\/ms-contentfactory.srv.vocento.in\/contentfactorylocal\/?p=162378"},"modified":"2026-08-25T18:44:42","modified_gmt":"2026-08-25T16:44:42","slug":"el-otono-del-eslava-nueve-conciertos-para-volver-a-madrid","status":"publish","type":"post","link":"\/content-local\/el-otono-del-eslava-nueve-conciertos-para-volver-a-madrid\/","title":{"rendered":"El oto\u00f1o del Eslava: nueve conciertos para volver a Madrid"},"content":{"rendered":"<p>[vc_row el_class=\u00bbcol-1-1 tablet-col-1-1&#8243;][vc_column el_class=\u00bbcol-1-1 tablet-col-1-1&#8243;]\n        <div class='fullimg principal'>\n            <div class='tituloemergente'>\n                <div class='grid grid-pad'>\n                    <a class='open-btn close-nav quees' href=''>\n                        <span class='p-content'>Teatro Eslava<\/span>\n                    <\/a>\n                    <h1><strong>El oto\u00f1o del Eslava: nueve conciertos para volver a Madrid<\/strong><p>Del vallenato de Felipe Pel\u00e1ez a la psicodelia electr\u00f3nica de Temples, el Teatro Eslava encadena de septiembre a diciembre, en el centro de Madrid, una programaci\u00f3n que se resiste a caber en un solo g\u00e9nero<\/p><\/h1>\n                <\/div>\n            <\/div>\n        <figure class='videoPrincipal'><img src='\/content-local\/wp-content\/uploads\/sites\/10\/2026\/08\/Teatro-Eslava-otono-2026.jpg'><\/figure><\/div>[\/vc_column][\/vc_row][vc_row centrar=\u00bbtrue\u00bb el_class=\u00bbgrid grid-pad\u00bb][vc_column el_class=\u00bbcol-1-1 tablet-col-1-1&#8243;]<div class='firmaRRSS '>\n       <div class='info'><address class='firmaAutor' data-autor='Content local'><img src=\"\"> Content local<\/address><time class='publicacion'>\n         25 agosto, 2026 - 18:30<\/time><\/div>\n           <div class='compartir'><p>Compartir<\/p><ul>\n                <li class='facebook'>\n                            <a href='https:\/\/www.facebook.com\/sharer\/sharer.php?u=https:\/\/www.abc.es\/content-local\/el-otono-del-eslava-nueve-conciertos-para-volver-a-madrid\/' class='bcl-compartir-fb' data-voc-vtm-id='compartirrrss' data-voc-vtm-info='facebook' target='_blank' title='Compartelo en Facebook' rel='nofollow'>\n                        <i class='facebook'><\/i>\n                    <\/a>\n                <\/li><li class='twitter'>\n                    <a href='https:\/\/twitter.com\/intent\/tweet?text=https:\/\/www.abc.es\/content-local\/el-otono-del-eslava-nueve-conciertos-para-volver-a-madrid\/' class='bcl-compartir-tw twitter' data-voc-vtm-id='compartirrrss' data-voc-vtm-info='twitter' target='_blank' title='Compartelo en Twitter' rel='nofollow'>\n                        <i class='twitter'><\/i>\n                    <\/a>\n                <\/li><li class='whatsapp'>\n                    <a href='whatsapp:\/\/send?text=https:\/\/www.abc.es\/content-local\/el-otono-del-eslava-nueve-conciertos-para-volver-a-madrid\/' data-voc-vtm-id='compartirrrss' data-voc-vtm-info='whatsapp' class='whatsapp' target='_blank' title='Compartelo en whatsapp' rel='nofollow'>\n                        <i class='whatsapp'><\/i>\n                    <\/a>\n                <\/li>\n    \n    <\/ul><\/div><\/div>[\/vc_column][\/vc_row][vc_row centrar=\u00bbtrue\u00bb el_class=\u00bbgrid grid-pad\u00bb][vc_column el_class=\u00bbcol-10-12 tablet-col-1-1&#8243;]<p class=\"parrafocount\">Hay algo que pasa en Madrid a mediados de septiembre. La ciudad vuelve del verano con el paso cambiado, las agendas medio vac\u00edas y una necesidad rara de que ocurran cosas. Suele resolverse igual: entrando a una sala, esperando a que se apaguen las luces y dejando que alguien toque.<\/p><p class=\"parrafocount\">En el <a href=\"https:\/\/teatroeslava.com\/\" target=\"_blank\" rel=\"noopener\">Teatro Eslava<\/a>, en el n\u00famero 11 de la calle Arenal, esa vuelta tiene fechas concretas. Nueve, hasta marzo. Y muy poco en com\u00fan entre ellas, que es exactamente el punto.<\/p>[\/vc_column][\/vc_row][vc_row centrar=\u00bbtrue\u00bb el_class=\u00bbgrid grid-pad\u00bb][vc_column el_class=\u00bbcol-10-12 tablet-col-1-1&#8243;]\n        <h2 class=\"\">Septiembre: el vallenato entra por la puerta grande<\/h2>\n    <p class=\"parrafocount\">El<strong> 10 de septiembre<\/strong> llega<strong> Felipe Pel\u00e1ez<\/strong> con su gira &#8216;De otra manera&#8217;. El colombiano lleva dos d\u00e9cadas siendo uno de los nombres centrales del vallenato contempor\u00e1neo \u2014Grammy Latino al Mejor \u00c1lbum de Cumbia\/Vallenato en 2013 por Diferente\u2014 y su directo funciona menos como repaso de \u00e9xitos que como conversaci\u00f3n. Canciones que en Colombia se cantan enteras y que en Madrid han ido encontrando su propio p\u00fablico, generaci\u00f3n a generaci\u00f3n. Un arranque de temporada que no pide permiso.<\/p>\n        <h2 class=\"\">Octubre: tres noches que no se parecen en nada<\/h2>\n    <p class=\"parrafocount\">El<strong> 10 de octubre<\/strong> suben al escenario<strong> Sobrezero<\/strong>, cinco amigos de Madrid que empezaron en plena pandemia y han acabado publicando su debut, &#8216;Hasta que el mundo estalle&#8217;, con Warner Music. Su f\u00f3rmula mezcla pop-rock cl\u00e1sico con indie de los dos mil, y su directo se ha ganado la reputaci\u00f3n antes que los discos: agotaron Villanos, agotaron Moby Dick, se ganaron una parroquia que va de naranja y se lo sabe todo. Es una de esas bandas a las que conviene ver ahora, mientras todav\u00eda caben.<br \/><p class='parrafocount'>El <strong>21 de octubre<\/strong> aterrizan<strong> Yard Act.<\/strong> Los de Leeds llevan desde &#8216;The Overload&#8217; (2022) esquivando la etiqueta de post-punk que les colgaron el primer d\u00eda. &#8216;You&#8217;re Gonna Need a Little Music&#8217;, publicado este julio y grabado entre Leeds y Los \u00c1ngeles con Justin Meldal-Johnsen, es su tercer disco y el primero compuesto de verdad entre los cuatro. James Smith sigue siendo un cronista afilad\u00edsimo, pero ahora la banda ya no gira solo alrededor de su voz. En directo eso se nota: hay m\u00e1s groove, m\u00e1s aire, m\u00e1s ganas de bailar.<br \/><p class='parrafocount'>El<strong> 26 de octubre<\/strong>, los hermanos Brian y Michael D&#8217;Addario cierran en Madrid su gira espa\u00f1ola. <strong>The Lemon Twigs<\/strong> presentan &#8216;Look For Your Mind! (Captured Tracks)&#8217;, un disco de armon\u00edas vocales imposibles y guitarras brillantes que se apoya en los Beach Boys, Big Star o Todd Rundgren sin quedarse en el homenaje. Quien los haya visto sabe que su directo tiene algo de anacronismo feliz: dos hermanos toc\u00e1ndolo absolutamente todo, cambi\u00e1ndose de instrumento a media canci\u00f3n, sin red.<\/p>\n        <h2 class=\"\">Noviembre: el mes m\u00e1s denso<\/h2>\n    <p class=\"parrafocount\">El<strong> 13 de noviembre<\/strong> llega<strong> Gilipojazz<\/strong> con su gira &#8216;Progresa Adecuadamente&#8217;. El tr\u00edo madrile\u00f1o \u2014\u00c1ngel C\u00e1ceres, Iker Garc\u00eda y Pablo Levin\u2014 ha construido algo genuinamente raro: jazz de virtuosismo real cruzado con funk, metal, punk y una vocaci\u00f3n c\u00f3mica que no rebaja ni una nota. Vienen de tocar en el Montreux Jazz Festival y en el Festival de Jazz de Vitoria-Gasteiz, de girar por M\u00e9xico, Alemania o Dinamarca, y de llenar salas donde nadie esperaba que cupiera el jazz. Ver a tres m\u00fasicos as\u00ed de buenos neg\u00e1ndose a tomarse en serio a s\u00ed mismos es un espect\u00e1culo en s\u00ed.<br \/><p class='parrafocount'>El <strong>17 de noviembre<\/strong>, dentro del ciclo &#8216;Momentos Alhambra&#8217;, act\u00faan<strong> Temples<\/strong>. Los de Kettering llegan con &#8216;BLISS&#8217; (V2 Records), su quinto \u00e1lbum y el m\u00e1s aventurado hasta la fecha: producido por ellos mismos, se apoya en la m\u00fasica de baile de finales de los noventa \u2014Faithless, Underworld, Massive Attack\u2014 para reinterpretar su propia psicodelia. Ellos lo llaman \u00abeuforia melanc\u00f3lica\u00bb. Es una descripci\u00f3n bastante exacta de lo que pasa cuando &#8216;Jet Stream Heart&#8217; suena a todo volumen en una sala a oscuras.<br \/><p class='parrafocount'>Y el <strong>28 de noviembre,<\/strong> uno de los regresos m\u00e1s esperados del a\u00f1o.<strong> Los Romeos<\/strong> vuelven con su formaci\u00f3n original \u2014Pat Esco\u00edn al frente, junto a Juan Carlos Tom\u00e1s, Jos\u00e9 \u00c1ngel Leiros, Daniel Silvestre y Juli\u00e1n Nemesio\u2014 para celebrar los 35 a\u00f1os de su debut. &#8216;Mu\u00e9rdeme&#8217;, &#8216;Mi vida rosa&#8217;, &#8216;Un poquito de amor&#8217;: pop-punk mel\u00f3dico de principios de los noventa que sobrevivi\u00f3 a la disoluci\u00f3n del grupo en radios, karaokes y playlists. Casi tres d\u00e9cadas despu\u00e9s, vuelven de la mano de Subterfuge.<\/p>\n        <h2 class=\"\">Y despu\u00e9s\u2026<\/h2>\n    <p class=\"parrafocount\">El <strong>26 de diciembre<\/strong>, <strong>Alchemy Project<\/strong> rinde homenaje a Dire Straits, para quienes las Navidades se llevan mejor con &#8216;Sultans of Swing&#8217; sonando fuerte. Y ya en 2027, el<strong> 23 de marzo<\/strong>,<strong> Blanco White<\/strong> trae su folk de ra\u00edz andaluza y latinoamericana a la sala.<\/p><p class='parrafocount'><p class='parrafocount'>Nueve conciertos, ocho estilos, un mismo escenario. La coherencia no est\u00e1 en el g\u00e9nero: est\u00e1 en el criterio.<\/p>[\/vc_column][\/vc_row][vc_row centrar=\u00bbtrue\u00bb el_class=\u00bbgrid grid-pad\u00bb][vc_column el_class=\u00bbcol-1-1 tablet-col-1-1&#8243;]\n        <div class='bloque'>\n         <div class='compartir'><p>Compartir<\/p><ul>\n                <li class='facebook'>\n                            <a href='https:\/\/www.facebook.com\/sharer\/sharer.php?u=https:\/\/www.abc.es' class='bcl-compartir-fb' target='_blank' title='Compartelo en Facebook' rel='nofollow'>\n                        <i class='facebook'><\/i>\n                    <\/a>\n                <\/li><li class='twitter'>\n                    <a href='https:\/\/twitter.com\/intent\/tweet?text=https:\/\/www.abc.es' class='bcl-compartir-tw twitter' target='_blank' title='Compartelo en Twitter' rel='nofollow'>\n                        <i class='twitter'><\/i>\n                    <\/a>\n                <\/li><li class='whatsapp'>\n                    <a href='whatsapp:\/\/send?text=https:\/\/www.abc.es' class='whatsapp' target='_blank' title='Compartelo en whatsapp' rel='nofollow'>\n                        <i class='whatsapp'><\/i>\n                    <\/a>\n                <\/li>\n                   <\/ul><\/div>\n        <div class='pie-ad '>\n            <p>Contenido para<strong> Teatro Eslava <\/strong>editado por <strong>Content Local<\/strong>. En su elaboraci\u00f3n no ha intervenido la redacci\u00f3n de este medio.<\/p>\n        <\/div><\/div>[\/vc_column][\/vc_row]<\/p>\n","protected":false},"excerpt":{"rendered":"<p>[vc_row el_class=\u00bbcol-1-1 tablet-col-1-1&#8243;][vc_column el_class=\u00bbcol-1-1 tablet-col-1-1&#8243;][\/vc_column][\/vc_row][vc_row centrar=\u00bbtrue\u00bb el_class=\u00bbgrid grid-pad\u00bb][vc_column el_class=\u00bbcol-1-1 tablet-col-1-1&#8243;][\/vc_column][\/vc_row][vc_row centrar=\u00bbtrue\u00bb el_class=\u00bbgrid grid-pad\u00bb][vc_column el_class=\u00bbcol-10-12 tablet-col-1-1&#8243;][\/vc_column][\/vc_row][vc_row centrar=\u00bbtrue\u00bb el_class=\u00bbgrid grid-pad\u00bb][vc_column el_class=\u00bbcol-10-12 tablet-col-1-1&#8243;][\/vc_column][\/vc_row][vc_row centrar=\u00bbtrue\u00bb el_class=\u00bbgrid grid-pad\u00bb][vc_column el_class=\u00bbcol-1-1 tablet-col-1-1&#8243;][\/vc_column][\/vc_row]<\/p>\n","protected":false},"author":11,"featured_media":0,"comment_status":"closed","ping_status":"closed","sticky":false,"template":"","format":"standard","meta":[],"categories":[1],"tags":[3822,3824,3825,3823,3827,3821,3826,3828],"acf":[],"_links":{"self":[{"href":"\/content-local\/wp-json\/wp\/v2\/posts\/162378"}],"collection":[{"href":"\/content-local\/wp-json\/wp\/v2\/posts"}],"about":[{"href":"\/content-local\/wp-json\/wp\/v2\/types\/post"}],"author":[{"embeddable":true,"href":"\/content-local\/wp-json\/wp\/v2\/users\/11"}],"replies":[{"embeddable":true,"href":"\/content-local\/wp-json\/wp\/v2\/comments?post=162378"}],"version-history":[{"count":4,"href":"\/content-local\/wp-json\/wp\/v2\/posts\/162378\/revisions"}],"predecessor-version":[{"id":162382,"href":"\/content-local\/wp-json\/wp\/v2\/posts\/162378\/revisions\/162382"}],"wp:attachment":[{"href":"\/content-local\/wp-json\/wp\/v2\/media?parent=162378"}],"wp:term":[{"taxonomy":"category","embeddable":true,"href":"\/content-local\/wp-json\/wp\/v2\/categories?post=162378"},{"taxonomy":"post_tag","embeddable":true,"href":"\/content-local\/wp-json\/wp\/v2\/tags?post=162378"}],"curies":[{"name":"wp","href":"https:\/\/api.w.org\/{rel}","templated":true}]}}